{"id":963,"date":"2021-04-25T12:00:47","date_gmt":"2021-04-25T12:00:47","guid":{"rendered":"https:\/\/artforlife.es\/?p=963"},"modified":"2021-07-01T10:49:24","modified_gmt":"2021-07-01T10:49:24","slug":"creativity-in-organizations","status":"publish","type":"post","link":"https:\/\/artforlife.es\/en\/teams\/creativity-in-organizations\/","title":{"rendered":"Notes on creativity. Because 'Creare humanum est'"},"content":{"rendered":"<div class=\"vc_row wpb_row vc_row-fluid\"><div class=\"wpb_column vc_column_container vc_col-sm-12\"><div class=\"vc_column-inner\"><div class=\"wpb_wrapper\">\n\t<div class=\"wpb_text_column wpb_content_element\" >\n\t\t<div class=\"wpb_wrapper\">\n\t\t\t<p class=\"p1\">Creativity is a personal and social phenomenon, a capacity that transforms us and transforms our world. Inherent in every human being, it is like a muscle, since everyone has it and can develop it.<\/p>\n<p class=\"p1 translation-block\">The more aware we are of our own creative potential, the easier it is to believe in it and, therefore, the easier it is to train it. <b>Also in times of creative drought.<\/b><\/p>\n\n\t\t<\/div>\n\t<\/div>\n\n\t<div class=\"wpb_text_column wpb_content_element\" >\n\t\t<div class=\"wpb_wrapper\">\n\t\t\t<h2 class=\"p1 translation-block\"><b>Creativity is also knowing that ingenuity is in me. <\/b>Even if I don't see it now.<\/h2>\n\n\t\t<\/div>\n\t<\/div>\n\n\t<div class=\"wpb_text_column wpb_content_element\" >\n\t\t<div class=\"wpb_wrapper\">\n\t\t\t<p class=\"p1\">The key is to become aware of the moment you are in and what is necessary in each phase you are in. It also helps to know what makes you feel more in touch with your creativity and what takes you away from it.<\/p>\n<p class=\"p1\">The development of one's creativity is embodied in all areas of life. A greater deployment of your creativity is associated with higher levels of self-satisfaction and self-realization, although creativity involves emotional processes, ups and downs, stops ... The process is organic, it connects you with your essence, it helps you develop as a person.<\/p>\n\n\t\t<\/div>\n\t<\/div>\n\n\t<div class=\"wpb_text_column wpb_content_element\" >\n\t\t<div class=\"wpb_wrapper\">\n\t\t\t<h2 class=\"p1\"><a href=\"https:\/\/artforlife.es\/en\/el-proceso\/\"><b>Is it possible to enhance your creativity in the professional field?<\/b><\/a><\/h2>\n\n\t\t<\/div>\n\t<\/div>\n\n\t<div class=\"wpb_text_column wpb_content_element\" >\n\t\t<div class=\"wpb_wrapper\">\n\t\t\t<p class=\"p1\">Although you may doubt, the answer is yes. In the professional field, creativity makes it clear that what you do has a meaning, nourishes you and allows you to bring the best to the people around you.<span class=\"Apple-converted-space\">\u00a0<\/span><\/p>\n<p class=\"p1\">Creativity is exploring, daring, investigating, filling and emptying yourself with ideas, letting yourself be surprised, not conforming. It is also linked to observe the process you are in from a clean point of view, away from an excessively limiting judgment. Critical judgment and fear take you out of your creative state, while your own judgment and thinking \"I am aware of my fears, I take them into account, but still, I allow myself to do it\" can push you to make things happen.<\/p>\n<p class=\"p1\">Optimal and ideal creative states are moments, and they happen after crossing deserts of \"I don't know if I can do it\", overcoming stones called \"I don't know if I'll be able to\" and walking on swampy grounds that hint \"what if it goes wrong\" ...<\/p>\n<p class=\"p1 translation-block\">When the goal is clear, the fear felt in the previous state is directly proportional to the satisfaction of the post.<\/p>\n<p class=\"p1\">As the Basque artist Jorge Oteiza said, \"art does not belong to those who are artists, just as the sky does not belong to those who are astronomers\".<span class=\"Apple-converted-space\">\u00a0<\/span><\/p>\n<p class=\"p1\">If you replace the word art with creativity, you will see that indeed anyone in the organization can adopt this attitude of observing their environment in order to improve it.<span class=\"Apple-converted-space\">\u00a0<\/span><\/p>\n<p class=\"p1\"><i>Do you want to start down the path of exploration so that your team can unleash its creative potential?<\/i><\/p>\n\n\t\t<\/div>\n\t<\/div>\n<\/div><\/div><\/div><\/div><div class=\"vc_row wpb_row vc_row-fluid\"><div class=\"caja_img wpb_column vc_column_container vc_col-sm-12\"><div class=\"vc_column-inner\"><div class=\"wpb_wrapper\"><figure class=\"\"><img decoding=\"async\" data-src=\"https:\/\/artforlife.es\/wp-content\/uploads\/2021\/04\/Imagen_Post_CreareHumanumEst.jpg\" alt=\"\" src=\"data:image\/svg+xml;base64,PHN2ZyB3aWR0aD0iMSIgaGVpZ2h0PSIxIiB4bWxucz0iaHR0cDovL3d3dy53My5vcmcvMjAwMC9zdmciPjwvc3ZnPg==\" class=\"lazyload\" style=\"--smush-placeholder-width: 1920px; --smush-placeholder-aspect-ratio: 1920\/1440;\" \/><figcaption><\/figcaption><\/figure><\/div><\/div><\/div><\/div>","protected":false},"excerpt":{"rendered":"La creatividad es un fen\u00f3meno personal y social, una capacidad que nos transforma y transforma nuestro mundo. Inherente a todo ser humano, es como un m\u00fasculo, ya que todo el mundo lo tiene y lo puede desarrollar. Cuanto m\u00e1s consciente se es del propio potencial creativo, m\u00e1s f\u00e1cil es creer en \u00e9l y, por tanto, [...]","protected":false},"author":3,"featured_media":0,"comment_status":"closed","ping_status":"closed","sticky":false,"template":"","format":"standard","meta":{"footnotes":""},"categories":[13,14],"tags":[],"class_list":["post-963","post","type-post","status-publish","format-standard","hentry","category-equipos","category-inspiracion"],"yoast_head":"<!-- This site is optimized with the Yoast SEO plugin v27.5 - https:\/\/yoast.com\/product\/yoast-seo-wordpress\/ -->\n<title>Apuntes sobre creatividad. Porque \u2018Creare humanum est\u2019 - Art for life!<\/title>\n<meta name=\"description\" content=\"El desarrollo de la propia creatividad se plasma en todas las \u00e1reas de la vida. Te conecta con tu esencia y te ayuda a desarrollarte como persona.\" \/>\n<meta name=\"robots\" content=\"index, follow, max-snippet:-1, max-image-preview:large, max-video-preview:-1\" \/>\n<link rel=\"canonical\" href=\"https:\/\/artforlife.es\/en\/teams\/creativity-in-organizations\/\" \/>\n<meta property=\"og:locale\" content=\"en_GB\" \/>\n<meta property=\"og:type\" content=\"article\" \/>\n<meta property=\"og:title\" content=\"Apuntes sobre creatividad. Porque \u2018Creare humanum est\u2019 - Art for life!\" \/>\n<meta property=\"og:description\" content=\"El desarrollo de la propia creatividad se plasma en todas las \u00e1reas de la vida. Te conecta con tu esencia y te ayuda a desarrollarte como persona.\" \/>\n<meta property=\"og:url\" content=\"https:\/\/artforlife.es\/en\/teams\/creativity-in-organizations\/\" \/>\n<meta property=\"og:site_name\" content=\"Art for life!\" \/>\n<meta property=\"article:published_time\" content=\"2021-04-25T12:00:47+00:00\" \/>\n<meta property=\"article:modified_time\" content=\"2021-07-01T10:49:24+00:00\" \/>\n<meta name=\"author\" content=\"Miren Lauzirika\" \/>\n<meta name=\"twitter:card\" content=\"summary_large_image\" \/>\n<meta name=\"twitter:creator\" content=\"@mirenlauzirika\" \/>\n<meta name=\"twitter:site\" content=\"@mirenlauzirika\" \/>\n<meta name=\"twitter:label1\" content=\"Written by\" \/>\n\t<meta name=\"twitter:data1\" content=\"Miren Lauzirika\" \/>\n\t<meta name=\"twitter:label2\" content=\"Estimated reading time\" \/>\n\t<meta name=\"twitter:data2\" content=\"3 minutes\" \/>\n<script type=\"application\/ld+json\" class=\"yoast-schema-graph\">{\"@context\":\"https:\\\/\\\/schema.org\",\"@graph\":[{\"@type\":\"Article\",\"@id\":\"https:\\\/\\\/artforlife.es\\\/en\\\/teams\\\/creativity-in-organizations\\\/#article\",\"isPartOf\":{\"@id\":\"https:\\\/\\\/artforlife.es\\\/en\\\/teams\\\/creativity-in-organizations\\\/\"},\"author\":{\"name\":\"Miren Lauzirika\",\"@id\":\"https:\\\/\\\/artforlife.es\\\/es\\\/#\\\/schema\\\/person\\\/20f2ab35a1aca668461e45a7ef3b8146\"},\"headline\":\"Apuntes sobre creatividad. Porque \u2018Creare humanum est\u2019\",\"datePublished\":\"2021-04-25T12:00:47+00:00\",\"dateModified\":\"2021-07-01T10:49:24+00:00\",\"mainEntityOfPage\":{\"@id\":\"https:\\\/\\\/artforlife.es\\\/en\\\/teams\\\/creativity-in-organizations\\\/\"},\"wordCount\":516,\"publisher\":{\"@id\":\"https:\\\/\\\/artforlife.es\\\/es\\\/#organization\"},\"articleSection\":[\"Equipos\",\"Inspiraci\u00f3n\"],\"inLanguage\":\"en-GB\"},{\"@type\":\"WebPage\",\"@id\":\"https:\\\/\\\/artforlife.es\\\/en\\\/teams\\\/creativity-in-organizations\\\/\",\"url\":\"https:\\\/\\\/artforlife.es\\\/en\\\/teams\\\/creativity-in-organizations\\\/\",\"name\":\"Apuntes sobre creatividad. Porque \u2018Creare humanum est\u2019 - Art for life!\",\"isPartOf\":{\"@id\":\"https:\\\/\\\/artforlife.es\\\/es\\\/#website\"},\"datePublished\":\"2021-04-25T12:00:47+00:00\",\"dateModified\":\"2021-07-01T10:49:24+00:00\",\"description\":\"El desarrollo de la propia creatividad se plasma en todas las \u00e1reas de la vida. Te conecta con tu esencia y te ayuda a desarrollarte como persona.\",\"breadcrumb\":{\"@id\":\"https:\\\/\\\/artforlife.es\\\/en\\\/teams\\\/creativity-in-organizations\\\/#breadcrumb\"},\"inLanguage\":\"en-GB\",\"potentialAction\":[{\"@type\":\"ReadAction\",\"target\":[\"https:\\\/\\\/artforlife.es\\\/en\\\/teams\\\/creativity-in-organizations\\\/\"]}]},{\"@type\":\"BreadcrumbList\",\"@id\":\"https:\\\/\\\/artforlife.es\\\/en\\\/teams\\\/creativity-in-organizations\\\/#breadcrumb\",\"itemListElement\":[{\"@type\":\"ListItem\",\"position\":1,\"name\":\"Portada\",\"item\":\"https:\\\/\\\/artforlife.es\\\/\"},{\"@type\":\"ListItem\",\"position\":2,\"name\":\"Apuntes sobre creatividad. Porque \u2018Creare humanum est\u2019\"}]},{\"@type\":\"WebSite\",\"@id\":\"https:\\\/\\\/artforlife.es\\\/es\\\/#website\",\"url\":\"https:\\\/\\\/artforlife.es\\\/es\\\/\",\"name\":\"Art for life!\",\"description\":\"Consultor\u00eda creativa y formaci\u00f3n\",\"publisher\":{\"@id\":\"https:\\\/\\\/artforlife.es\\\/es\\\/#organization\"},\"potentialAction\":[{\"@type\":\"SearchAction\",\"target\":{\"@type\":\"EntryPoint\",\"urlTemplate\":\"https:\\\/\\\/artforlife.es\\\/es\\\/?s={search_term_string}\"},\"query-input\":{\"@type\":\"PropertyValueSpecification\",\"valueRequired\":true,\"valueName\":\"search_term_string\"}}],\"inLanguage\":\"en-GB\"},{\"@type\":\"Organization\",\"@id\":\"https:\\\/\\\/artforlife.es\\\/es\\\/#organization\",\"name\":\"Art for Life!\",\"url\":\"https:\\\/\\\/artforlife.es\\\/es\\\/\",\"logo\":{\"@type\":\"ImageObject\",\"inLanguage\":\"en-GB\",\"@id\":\"https:\\\/\\\/artforlife.es\\\/es\\\/#\\\/schema\\\/logo\\\/image\\\/\",\"url\":\"https:\\\/\\\/artforlife.es\\\/wp-content\\\/uploads\\\/2021\\\/04\\\/cropped-A.png\",\"contentUrl\":\"https:\\\/\\\/artforlife.es\\\/wp-content\\\/uploads\\\/2021\\\/04\\\/cropped-A.png\",\"width\":512,\"height\":512,\"caption\":\"Art for Life!\"},\"image\":{\"@id\":\"https:\\\/\\\/artforlife.es\\\/es\\\/#\\\/schema\\\/logo\\\/image\\\/\"},\"sameAs\":[\"https:\\\/\\\/x.com\\\/mirenlauzirika\",\"https:\\\/\\\/www.instagram.com\\\/miren_lauzirika\\\/\",\"https:\\\/\\\/www.linkedin.com\\\/in\\\/mirenlauzirika\\\/\"]},{\"@type\":\"Person\",\"@id\":\"https:\\\/\\\/artforlife.es\\\/es\\\/#\\\/schema\\\/person\\\/20f2ab35a1aca668461e45a7ef3b8146\",\"name\":\"Miren Lauzirika\",\"image\":{\"@type\":\"ImageObject\",\"inLanguage\":\"en-GB\",\"@id\":\"https:\\\/\\\/secure.gravatar.com\\\/avatar\\\/6f26d3270686b08a76e5885a69f4e5af98768bc8b421fae21ca09cf50af5e843?s=96&d=mm&r=g\",\"url\":\"https:\\\/\\\/secure.gravatar.com\\\/avatar\\\/6f26d3270686b08a76e5885a69f4e5af98768bc8b421fae21ca09cf50af5e843?s=96&d=mm&r=g\",\"contentUrl\":\"https:\\\/\\\/secure.gravatar.com\\\/avatar\\\/6f26d3270686b08a76e5885a69f4e5af98768bc8b421fae21ca09cf50af5e843?s=96&d=mm&r=g\",\"caption\":\"Miren Lauzirika\"}}]}<\/script>\n<!-- \/ Yoast SEO plugin. -->","yoast_head_json":{"title":"Notes on creativity. Because 'Creare humanum est\u2019  - Art for life!","description":"El desarrollo de la propia creatividad se plasma en todas las \u00e1reas de la vida. Te conecta con tu esencia y te ayuda a desarrollarte como persona.","robots":{"index":"index","follow":"follow","max-snippet":"max-snippet:-1","max-image-preview":"max-image-preview:large","max-video-preview":"max-video-preview:-1"},"canonical":"https:\/\/artforlife.es\/en\/teams\/creativity-in-organizations\/","og_locale":"en_GB","og_type":"article","og_title":"Apuntes sobre creatividad. Porque \u2018Creare humanum est\u2019 - Art for life!","og_description":"El desarrollo de la propia creatividad se plasma en todas las \u00e1reas de la vida. Te conecta con tu esencia y te ayuda a desarrollarte como persona.","og_url":"https:\/\/artforlife.es\/en\/teams\/creativity-in-organizations\/","og_site_name":"Art for life!","article_published_time":"2021-04-25T12:00:47+00:00","article_modified_time":"2021-07-01T10:49:24+00:00","author":"Miren Lauzirika","twitter_card":"summary_large_image","twitter_creator":"@mirenlauzirika","twitter_site":"@mirenlauzirika","twitter_misc":{"Written by":"Miren Lauzirika","Estimated reading time":"3 minutes"},"schema":{"@context":"https:\/\/schema.org","@graph":[{"@type":"Article","@id":"https:\/\/artforlife.es\/en\/teams\/creativity-in-organizations\/#article","isPartOf":{"@id":"https:\/\/artforlife.es\/en\/teams\/creativity-in-organizations\/"},"author":{"name":"Miren Lauzirika","@id":"https:\/\/artforlife.es\/es\/#\/schema\/person\/20f2ab35a1aca668461e45a7ef3b8146"},"headline":"Apuntes sobre creatividad. Porque \u2018Creare humanum est\u2019","datePublished":"2021-04-25T12:00:47+00:00","dateModified":"2021-07-01T10:49:24+00:00","mainEntityOfPage":{"@id":"https:\/\/artforlife.es\/en\/teams\/creativity-in-organizations\/"},"wordCount":516,"publisher":{"@id":"https:\/\/artforlife.es\/es\/#organization"},"articleSection":["Equipos","Inspiraci\u00f3n"],"inLanguage":"en-GB"},{"@type":"WebPage","@id":"https:\/\/artforlife.es\/en\/teams\/creativity-in-organizations\/","url":"https:\/\/artforlife.es\/en\/teams\/creativity-in-organizations\/","name":"Notes on creativity. Because 'Creare humanum est\u2019  - Art for life!","isPartOf":{"@id":"https:\/\/artforlife.es\/es\/#website"},"datePublished":"2021-04-25T12:00:47+00:00","dateModified":"2021-07-01T10:49:24+00:00","description":"El desarrollo de la propia creatividad se plasma en todas las \u00e1reas de la vida. Te conecta con tu esencia y te ayuda a desarrollarte como persona.","breadcrumb":{"@id":"https:\/\/artforlife.es\/en\/teams\/creativity-in-organizations\/#breadcrumb"},"inLanguage":"en-GB","potentialAction":[{"@type":"ReadAction","target":["https:\/\/artforlife.es\/en\/teams\/creativity-in-organizations\/"]}]},{"@type":"BreadcrumbList","@id":"https:\/\/artforlife.es\/en\/teams\/creativity-in-organizations\/#breadcrumb","itemListElement":[{"@type":"ListItem","position":1,"name":"Portada","item":"https:\/\/artforlife.es\/"},{"@type":"ListItem","position":2,"name":"Apuntes sobre creatividad. Porque \u2018Creare humanum est\u2019"}]},{"@type":"WebSite","@id":"https:\/\/artforlife.es\/es\/#website","url":"https:\/\/artforlife.es\/es\/","name":"Art for life!","description":"Consultor\u00eda creativa y formaci\u00f3n","publisher":{"@id":"https:\/\/artforlife.es\/es\/#organization"},"potentialAction":[{"@type":"SearchAction","target":{"@type":"EntryPoint","urlTemplate":"https:\/\/artforlife.es\/es\/?s={search_term_string}"},"query-input":{"@type":"PropertyValueSpecification","valueRequired":true,"valueName":"search_term_string"}}],"inLanguage":"en-GB"},{"@type":"Organization","@id":"https:\/\/artforlife.es\/es\/#organization","name":"Art for Life","url":"https:\/\/artforlife.es\/es\/","logo":{"@type":"ImageObject","inLanguage":"en-GB","@id":"https:\/\/artforlife.es\/es\/#\/schema\/logo\/image\/","url":"https:\/\/artforlife.es\/wp-content\/uploads\/2021\/04\/cropped-A.png","contentUrl":"https:\/\/artforlife.es\/wp-content\/uploads\/2021\/04\/cropped-A.png","width":512,"height":512,"caption":"Art for Life!"},"image":{"@id":"https:\/\/artforlife.es\/es\/#\/schema\/logo\/image\/"},"sameAs":["https:\/\/x.com\/mirenlauzirika","https:\/\/www.instagram.com\/miren_lauzirika\/","https:\/\/www.linkedin.com\/in\/mirenlauzirika\/"]},{"@type":"Person","@id":"https:\/\/artforlife.es\/es\/#\/schema\/person\/20f2ab35a1aca668461e45a7ef3b8146","name":"Miren Lauzirika","image":{"@type":"ImageObject","inLanguage":"en-GB","@id":"https:\/\/secure.gravatar.com\/avatar\/6f26d3270686b08a76e5885a69f4e5af98768bc8b421fae21ca09cf50af5e843?s=96&d=mm&r=g","url":"https:\/\/secure.gravatar.com\/avatar\/6f26d3270686b08a76e5885a69f4e5af98768bc8b421fae21ca09cf50af5e843?s=96&d=mm&r=g","contentUrl":"https:\/\/secure.gravatar.com\/avatar\/6f26d3270686b08a76e5885a69f4e5af98768bc8b421fae21ca09cf50af5e843?s=96&d=mm&r=g","caption":"Miren Lauzirika"}}]}},"_links":{"self":[{"href":"https:\/\/artforlife.es\/en\/wp-json\/wp\/v2\/posts\/963","targetHints":{"allow":["GET"]}}],"collection":[{"href":"https:\/\/artforlife.es\/en\/wp-json\/wp\/v2\/posts"}],"about":[{"href":"https:\/\/artforlife.es\/en\/wp-json\/wp\/v2\/types\/post"}],"author":[{"embeddable":true,"href":"https:\/\/artforlife.es\/en\/wp-json\/wp\/v2\/users\/3"}],"replies":[{"embeddable":true,"href":"https:\/\/artforlife.es\/en\/wp-json\/wp\/v2\/comments?post=963"}],"version-history":[{"count":8,"href":"https:\/\/artforlife.es\/en\/wp-json\/wp\/v2\/posts\/963\/revisions"}],"predecessor-version":[{"id":1234,"href":"https:\/\/artforlife.es\/en\/wp-json\/wp\/v2\/posts\/963\/revisions\/1234"}],"wp:attachment":[{"href":"https:\/\/artforlife.es\/en\/wp-json\/wp\/v2\/media?parent=963"}],"wp:term":[{"taxonomy":"category","embeddable":true,"href":"https:\/\/artforlife.es\/en\/wp-json\/wp\/v2\/categories?post=963"},{"taxonomy":"post_tag","embeddable":true,"href":"https:\/\/artforlife.es\/en\/wp-json\/wp\/v2\/tags?post=963"}],"curies":[{"name":"wp","href":"https:\/\/api.w.org\/{rel}","templated":true}]}}